{"id":1112,"date":"2017-03-01T11:54:17","date_gmt":"2017-03-01T10:54:17","guid":{"rendered":"http:\/\/svpfaffenhofen.de\/?p=1112"},"modified":"2017-03-02T11:55:01","modified_gmt":"2017-03-02T10:55:01","slug":"uebungsleiter-kinderturnen-gesucht","status":"publish","type":"post","link":"https:\/\/www.svpfaffenhofen.de\/?p=1112","title":{"rendered":"Gesucht: \u00dcbungsleiter Kinderturnen"},"content":{"rendered":"<p>Zu Unterst\u00fctzung unseres Kinderturnen-Teams sucht der SV Pfaffenhofen f\u00fcr die Altersgruppe 3 &#8211; 6 Jahre und f\u00fcr das Eltern-Kind-Turnen der Altersgruppe 1,5 &#8211; 3 Jahre noch je eine\/n \u00dcbungsleiter\/in. Eine bereits erworbene entsprechende Qualifikation ist nicht n\u00f6tig; der Erwerb dieser Qualifikation beim BLSV w\u00fcrde jedoch vom Verein unterst\u00fctzt.<\/p>\n<p>Interessenten melden sich bitte bei Gisela Vogel unter der Nummer 09171\/61870, bei Kerstin Bachmann unter\u00a00170 7367907 oder per Mail an den Verein: <a href=\"mailto:mail@svpfaffenhofen.de\">mail@svpfaffenhofen.de<\/a><\/p>\n","protected":false},"excerpt":{"rendered":"<p>Zu Unterst\u00fctzung unseres Kinderturnen-Teams sucht der SV Pfaffenhofen f\u00fcr die Altersgruppe 3 &#8211; 6 Jahre und f\u00fcr das Eltern-Kind-Turnen der Altersgruppe 1,5 &#8211; 3 Jahre noch je eine\/n \u00dcbungsleiter\/in. Eine bereits erworbene entsprechende Qualifikation ist nicht n\u00f6tig; der Erwerb dieser&hellip; <\/p>\n","protected":false},"author":4,"featured_media":0,"comment_status":"closed","ping_status":"closed","sticky":false,"template":"","format":"standard","meta":{"footnotes":""},"categories":[1],"tags":[],"_links":{"self":[{"href":"https:\/\/www.svpfaffenhofen.de\/index.php?rest_route=\/wp\/v2\/posts\/1112"}],"collection":[{"href":"https:\/\/www.svpfaffenhofen.de\/index.php?rest_route=\/wp\/v2\/posts"}],"about":[{"href":"https:\/\/www.svpfaffenhofen.de\/index.php?rest_route=\/wp\/v2\/types\/post"}],"author":[{"embeddable":true,"href":"https:\/\/www.svpfaffenhofen.de\/index.php?rest_route=\/wp\/v2\/users\/4"}],"replies":[{"embeddable":true,"href":"https:\/\/www.svpfaffenhofen.de\/index.php?rest_route=%2Fwp%2Fv2%2Fcomments&post=1112"}],"version-history":[{"count":5,"href":"https:\/\/www.svpfaffenhofen.de\/index.php?rest_route=\/wp\/v2\/posts\/1112\/revisions"}],"predecessor-version":[{"id":1119,"href":"https:\/\/www.svpfaffenhofen.de\/index.php?rest_route=\/wp\/v2\/posts\/1112\/revisions\/1119"}],"wp:attachment":[{"href":"https:\/\/www.svpfaffenhofen.de\/index.php?rest_route=%2Fwp%2Fv2%2Fmedia&parent=1112"}],"wp:term":[{"taxonomy":"category","embeddable":true,"href":"https:\/\/www.svpfaffenhofen.de\/index.php?rest_route=%2Fwp%2Fv2%2Fcategories&post=1112"},{"taxonomy":"post_tag","embeddable":true,"href":"https:\/\/www.svpfaffenhofen.de\/index.php?rest_route=%2Fwp%2Fv2%2Ftags&post=1112"}],"curies":[{"name":"wp","href":"https:\/\/api.w.org\/{rel}","templated":true}]}}