{"id":1121,"date":"2017-03-19T10:19:20","date_gmt":"2017-03-19T09:19:20","guid":{"rendered":"http:\/\/svpfaffenhofen.de\/?p=1121"},"modified":"2017-05-22T23:39:09","modified_gmt":"2017-05-22T21:39:09","slug":"neuer-yoga-kurs-ab-28-maerz","status":"publish","type":"post","link":"https:\/\/www.svpfaffenhofen.de\/?p=1121","title":{"rendered":"Neuer Yoga-Kurs ab Mai"},"content":{"rendered":"<p><!--more--><\/p>\n<p>Der Kurs hat einen ganzheitlichen Ansatz.\u00a0Inhalt des Kurses sind klassische Hatha-Yoga-Asanas (K\u00f6rperhaltungen) und Karanas (Bewegungsabl\u00e4ufe) im Atemfluss\/-Rhythmus. Die einzelnen Asanas und Karanas werden nach und nach im Kursverlauf aufgebaut und erarbeitet.<\/p>\n<p>Der Fokus des Kurses liegt auf der Flexibilit\u00e4t unserer Wirbels\u00e4ule, die f\u00fcr unsere Aufrichtung und unsere Bewegungsf\u00e4higkeit verantwortlich ist. Es werden vor allem die St\u00fctzmuskulatur und die Bewegungsf\u00e4higkeit der Wirbels\u00e4ule trainiert. Beim \u00dcben werden der eigenen K\u00f6rperwahrnehmen und -erfahrung sowie der K\u00f6rper- und Atemachtsamkeit besondere Aufmerksamkeit geschenkt.\u00a0Es werden auch meditative und Atem-Techniken ge\u00fcbt.\u00a0Die Gedanken und das Bewusstsein k\u00f6nnen dadurch zur Ruhe kommen.\u00a0Dies alles dient insbesondere auch dem Abbau von Stress und der psychischen Entspannung.\u00a0Erreicht werden sollen eine St\u00e4rkung der Wirbels\u00e4ule und Entspannung des K\u00f6rpers sowie des Geistes sowie die Verbesserung der Flexibilit\u00e4t im Inneren und \u00c4u\u00dferen.<\/p>\n<p><b>Kurseinheiten\/-dauer<\/b><\/p>\n<p>10 Kurseinheiten \u00e0 90 Minuten<\/p>\n<p><b>Termine<\/b><\/p>\n<p>Jeweils dienstags am<\/p>\n<p>25.04. \/ 02.05. \/ 09.05. \/ 16.05. \/ 23.05. \/ 30.05. \/ 20.06. \/ 27.06. \/ 04.07. \/ 11.07.<\/p>\n<p><b>Uhrzeit<\/b><\/p>\n<p>20:00 Uhr \u2013 21:30 Uhr<\/p>\n<p><b>Ort<\/b><\/p>\n<p>Turnhalle der Grundschule Pfaffenhofen, Tillystr. 50, 91154 Roth\/Pfaffenhofen<\/p>\n<p><b>Teilnehmerkreis<\/b><\/p>\n<p>Der Kurs ist f\u00fcr Anf\u00e4nger und Fortgeschrittene jeglichen Alters geeignet. In dem Kurs ist es jedem, auch \u00e4lteren Menschen m\u00f6glich, angepasst an das k\u00f6rperliche Befinden, Yoga zu \u00fcben.<\/p>\n<p><b>Yoga-Lehrer<\/b><\/p>\n<p>Thomas Lausenmeyer \u2013 Yoga-Lehrer YZN<\/p>\n<p><b>Kursbeitrag<\/b><\/p>\n<p>Der Kursbeitrag betr\u00e4gt insgesamt\u00a0EUR 70,00 f\u00fcr Vereinsmitglieder und\u00a0EUR 120,00 f\u00fcr Nichtmitglieder<\/p>\n<p><b>Hinweise<\/b><\/p>\n<p>Die Teilnehmerzahl dieses Kurses ist auf 15 Personen begrenzt. So ist individuelles \u00dcben gut m\u00f6glich.<\/p>\n<p>Ihre Anmeldung ist verbindlich. Ein Anspruch auf Kursteilnahme entsteht erst mit Erhalt der Anmeldebest\u00e4tigung und Erreichen der Mindestteilnehmerzahl von 11 Teilnehmern.<\/p>\n<p>Der Kursbeitrag ist innerhalb einer Woche nach Kursbeginn auf das Konto des Sportvereins zu \u00fcberweisen oder am Tag der ersten Kurseinheit in bar zu zahlen. Die Kontodaten erhalten Sie am ersten Kurstag.<\/p>\n<p><b>Sollten Sie an gesundheitlichen Beeintr\u00e4chtigungen egal welcher Art leiden, dann kl\u00e4ren Sie bitte vorab mit Ihrem zust\u00e4ndigen Arzt, ob eine Kursteilnahme f\u00fcr Sie m\u00f6glich und sinnvoll ist.<\/b><\/p>\n<p><b>Bitte die Anmeldung entweder per E-Mail an <\/b><a href=\"mailto:thomas.lausenmeyer@gmx.de\"><b>thomas.lausenmeyer@gmx.de<\/b><\/a><b> oder per Post an Thomas Lausenmeyer, Weidenweg 32, 91154 Roth senden.<\/b><\/p>\n","protected":false},"excerpt":{"rendered":"","protected":false},"author":4,"featured_media":719,"comment_status":"closed","ping_status":"closed","sticky":false,"template":"","format":"standard","meta":{"footnotes":""},"categories":[1],"tags":[],"_links":{"self":[{"href":"https:\/\/www.svpfaffenhofen.de\/index.php?rest_route=\/wp\/v2\/posts\/1121"}],"collection":[{"href":"https:\/\/www.svpfaffenhofen.de\/index.php?rest_route=\/wp\/v2\/posts"}],"about":[{"href":"https:\/\/www.svpfaffenhofen.de\/index.php?rest_route=\/wp\/v2\/types\/post"}],"author":[{"embeddable":true,"href":"https:\/\/www.svpfaffenhofen.de\/index.php?rest_route=\/wp\/v2\/users\/4"}],"replies":[{"embeddable":true,"href":"https:\/\/www.svpfaffenhofen.de\/index.php?rest_route=%2Fwp%2Fv2%2Fcomments&post=1121"}],"version-history":[{"count":8,"href":"https:\/\/www.svpfaffenhofen.de\/index.php?rest_route=\/wp\/v2\/posts\/1121\/revisions"}],"predecessor-version":[{"id":1249,"href":"https:\/\/www.svpfaffenhofen.de\/index.php?rest_route=\/wp\/v2\/posts\/1121\/revisions\/1249"}],"wp:featuredmedia":[{"embeddable":true,"href":"https:\/\/www.svpfaffenhofen.de\/index.php?rest_route=\/wp\/v2\/media\/719"}],"wp:attachment":[{"href":"https:\/\/www.svpfaffenhofen.de\/index.php?rest_route=%2Fwp%2Fv2%2Fmedia&parent=1121"}],"wp:term":[{"taxonomy":"category","embeddable":true,"href":"https:\/\/www.svpfaffenhofen.de\/index.php?rest_route=%2Fwp%2Fv2%2Fcategories&post=1121"},{"taxonomy":"post_tag","embeddable":true,"href":"https:\/\/www.svpfaffenhofen.de\/index.php?rest_route=%2Fwp%2Fv2%2Ftags&post=1121"}],"curies":[{"name":"wp","href":"https:\/\/api.w.org\/{rel}","templated":true}]}}