{"id":1240,"date":"2017-05-22T23:17:57","date_gmt":"2017-05-22T21:17:57","guid":{"rendered":"http:\/\/svpfaffenhofen.de\/?p=1240"},"modified":"2017-05-22T23:20:34","modified_gmt":"2017-05-22T21:20:34","slug":"herrenfussball-trainervertraege-verlaengert","status":"publish","type":"post","link":"https:\/\/www.svpfaffenhofen.de\/?p=1240","title":{"rendered":"Herrenfu\u00dfball: Trainervertr\u00e4ge verl\u00e4ngert"},"content":{"rendered":"<p><strong>SV Pfaffenhofen verl\u00e4ngert mit Trainerstab bis 2020<\/strong><!--more--><\/p>\n<p><em>Herrenfu\u00dfballer trainieren auch zuk\u00fcnftig unter Daniel Me\u00dfthaler und Uwe Gabler<br \/>\n<\/em><br \/>\n<img loading=\"lazy\" decoding=\"async\" class=\"alignnone wp-image-1241 size-large\" src=\"http:\/\/svpfaffenhofen.de\/wp-content\/uploads\/2017\/05\/IMG_1242-e1495487867292-1024x459.jpg\" alt=\"\" width=\"700\" height=\"314\" \/><\/p>\n<p><em>v.l.: 1. Vorsitzender Heiner Zwingel, Spielertrainer Daniel Me\u00dfthaler, Co-Trainer Uwe Gabler, Abteilungsleiter\u00a0G\u00fcnter Vogel.<\/em><\/p>\n<p>Bereits Anfang Mai unterschrieben Spielertrainer Daniel Me\u00dfthaler und Co-Trainer Uwe Gabler die neuen Vertr\u00e4ge und arbeiten nun bis 2020 mit und f\u00fcr Pfaffenhofen. \u201eWir sind uns schnell einig geworden, die klasse Zusammenarbeit in dieser Saison m\u00f6chten wir auch in den n\u00e4chsten Jahren fortf\u00fchren\u201c, so Heiner Zwingel, 1. Vorsitzender des SV Pfaffenhofen.<\/p>\n<p>Auch Spielleiter G\u00fcnter Vogel ist hochzufrieden mit dem Duo, das nun seit einem Jahr in Pfaffenhofen regelm\u00e4\u00dfig f\u00fcr Siege sorgt. Die Trainingsbeteiligung der 1. und 2. Herrenmannschaften, die in Pfaffenhofen als eine Einheit, also mehr als 1a und 1b gesehen werden, liegt konsequent zwischen 25 und 35 Spielern. F\u00fcr Juli ist bereits ein Trainingslager in Verona gebucht.<\/p>\n<p>Dass am vergangenen Wochenende der forcierte Aufstieg der ersten Herrenmannschaft gelang, zeigt einmal mehr wie die ausgezeichnete Arbeit von Me\u00dfthaler und Gabler fruchtet. Auch weiterhin m\u00f6chten die Trainer beim SVP noch einiges bewegen.<\/p>\n","protected":false},"excerpt":{"rendered":"<p>SV Pfaffenhofen verl\u00e4ngert mit Trainerstab bis 2020<\/p>\n","protected":false},"author":4,"featured_media":1241,"comment_status":"closed","ping_status":"closed","sticky":false,"template":"","format":"standard","meta":{"footnotes":""},"categories":[1],"tags":[],"_links":{"self":[{"href":"https:\/\/www.svpfaffenhofen.de\/index.php?rest_route=\/wp\/v2\/posts\/1240"}],"collection":[{"href":"https:\/\/www.svpfaffenhofen.de\/index.php?rest_route=\/wp\/v2\/posts"}],"about":[{"href":"https:\/\/www.svpfaffenhofen.de\/index.php?rest_route=\/wp\/v2\/types\/post"}],"author":[{"embeddable":true,"href":"https:\/\/www.svpfaffenhofen.de\/index.php?rest_route=\/wp\/v2\/users\/4"}],"replies":[{"embeddable":true,"href":"https:\/\/www.svpfaffenhofen.de\/index.php?rest_route=%2Fwp%2Fv2%2Fcomments&post=1240"}],"version-history":[{"count":4,"href":"https:\/\/www.svpfaffenhofen.de\/index.php?rest_route=\/wp\/v2\/posts\/1240\/revisions"}],"predecessor-version":[{"id":1245,"href":"https:\/\/www.svpfaffenhofen.de\/index.php?rest_route=\/wp\/v2\/posts\/1240\/revisions\/1245"}],"wp:featuredmedia":[{"embeddable":true,"href":"https:\/\/www.svpfaffenhofen.de\/index.php?rest_route=\/wp\/v2\/media\/1241"}],"wp:attachment":[{"href":"https:\/\/www.svpfaffenhofen.de\/index.php?rest_route=%2Fwp%2Fv2%2Fmedia&parent=1240"}],"wp:term":[{"taxonomy":"category","embeddable":true,"href":"https:\/\/www.svpfaffenhofen.de\/index.php?rest_route=%2Fwp%2Fv2%2Fcategories&post=1240"},{"taxonomy":"post_tag","embeddable":true,"href":"https:\/\/www.svpfaffenhofen.de\/index.php?rest_route=%2Fwp%2Fv2%2Ftags&post=1240"}],"curies":[{"name":"wp","href":"https:\/\/api.w.org\/{rel}","templated":true}]}}