{"id":1363,"date":"2017-09-12T09:54:28","date_gmt":"2017-09-12T07:54:28","guid":{"rendered":"http:\/\/svpfaffenhofen.de\/?p=1363"},"modified":"2017-09-12T13:13:04","modified_gmt":"2017-09-12T11:13:04","slug":"pfaffenhofen-weiht-sportheim-nach-umbau-offiziell-ein","status":"publish","type":"post","link":"https:\/\/www.svpfaffenhofen.de\/?p=1363","title":{"rendered":"Offizielle Sportheim-Einweihung"},"content":{"rendered":"<p>Kirchlicher Segen \u2013 1000 ehrenamtliche Arbeitsstunden<!--more--><\/p>\n<p><strong>Den Veranstaltungskalender des SV Pfaffenhofen wollten die Vereinsverantwortlichen im Jahr 2017 mit einem neuen Sommernachtsfest kr\u00f6nen. Durch die gleichzeitige Fertigstellung der Umbauma\u00dfnahmen im Sportheim des SV Pfaffenhofen nutzte man den Termin, um die offizielle Einweihung mit vielen Ehreng\u00e4sten, Sponsoren und Helfern zu feiern.<\/strong><\/p>\n<p>Vereinsvorsitzender Heiner Zwingel durfte zu diesem Festakt Pfarrvikar Markus Flade von der katholischen Pfarrgemeinde B\u00fcchenbach und Diakon Thomas Bucka von der evangelischen Kirchengemeinde B\u00fcchenbach begr\u00fc\u00dfen, die nach dem kirchlichen Segen ein modernes Kreuz f\u00fcr den neu gestalteten Saal \u00fcberreichten. Auch Landrat Herbert Eckstein und Roths Erster B\u00fcrgermeister Ralph Edelh\u00e4u\u00dfer kamen zur Feierstunde und gratulierten zum \u201egelungenen Umbau\u201c.<\/p>\n<div id=\"attachment_1366\" style=\"width: 710px\" class=\"wp-caption alignnone\"><a href=\"http:\/\/svpfaffenhofen.de\/wp-content\/uploads\/2017\/09\/DSC01318.jpg\"><img loading=\"lazy\" decoding=\"async\" aria-describedby=\"caption-attachment-1366\" class=\"wp-image-1366 size-large\" src=\"http:\/\/svpfaffenhofen.de\/wp-content\/uploads\/2017\/09\/DSC01318-e1505202945386-1024x829.jpg\" alt=\"\" width=\"700\" height=\"567\" srcset=\"https:\/\/www.svpfaffenhofen.de\/wp-content\/uploads\/2017\/09\/DSC01318-e1505202945386-1024x829.jpg 1024w, https:\/\/www.svpfaffenhofen.de\/wp-content\/uploads\/2017\/09\/DSC01318-e1505202945386-300x243.jpg 300w, https:\/\/www.svpfaffenhofen.de\/wp-content\/uploads\/2017\/09\/DSC01318-e1505202945386-768x621.jpg 768w\" sizes=\"(max-width: 700px) 100vw, 700px\" \/><\/a><p id=\"caption-attachment-1366\" class=\"wp-caption-text\">Im Bild v.l.: Landrat Herbert Eckstein, Pyraser Brauereichefin Marlies Bernreuther, 1. Vorsitzender des SV Pfaffenhofen e.V. Heiner Zwingel<\/p><\/div>\n<p>Ein ganz besonderer Gru\u00df ging an die Pyraser Brauerei-Chefin Marlies Bernreuther. Denn ohne die finanzielle Investition der regionalen Brauerei, h\u00e4tte der Umbau wohl kaum gestemmt werden k\u00f6nnen. \u201eVon der Objektberatung \u00fcber die Innenarchitektur, Theken- und Anlagenplanung bis hin zum Einbau hat im Grunde alles reibungslos funktioniert\u201c, berichtet Heiner Zwingel und bedankte sich bei Marlies Bernreuther und ihrem Au\u00dfendienstmitarbeiter Harry Schuster f\u00fcr die sehr gute Zusammenarbeit.<\/p>\n<p>Rund vier Monate dauerte die Umbauphase des K\u00fcchen- und Thekenbereichs, der Au\u00dfenfassade und der gesamten Elektronik am Sportgel\u00e4nde. Dabei konnte sich der SVP stets auf seine Sponsoren verlassen. Der Trockenbaubetrieb Erwin Frede unterst\u00fctzte die notwendigen Umbauma\u00dfnahmen im Geb\u00e4ude und Werner B\u00f6hm mit Sohn Christian vom gleichnamigen Elektrotechnik-Betrieb sorgten mit Unterst\u00fctzung von Uwe Petermann und Christian Haberkern f\u00fcr die fachm\u00e4nnische Umsetzung der Elektroarbeiten. Auch Markus Gerner vom Rother Stuckgesch\u00e4ft Gerner half spontan beim Innenputz, sodass alle Arbeiten ohne Zeitverz\u00f6gerungen erledigt werden konnten.<\/p>\n<p>Im Mittelpunkt der Veranstaltung standen die unz\u00e4hligen ehrenamtlichen Helfer um Bauausschuss-Leiter Hans-Peter Schr\u00f6del, die f\u00fcr eine schnelle und professionelle Umsetzung aller Umbauma\u00dfnahmen sorgten. \u201eAuch wenn es mitunter stressig war und wir unter Termindruck arbeiten mussten, alle haben mitangepackt. Daf\u00fcr herzlichen Dank, das Ergebnis ist euer Verdienst!\u201c, so Zwingel, der jedem einzelnen Helfer ein kleines Dankesch\u00f6n \u00fcberreichte. Um nur einige zu nennen: Thosten M\u00f6rz, Erich Schuster, Tom Wegler, Andy Meier, Marcel K\u00fchnel, Michael Hu\u00dflein, Raffa Skutta, Sebastian Kegel, Hans K\u00f6nigsd\u00f6rfer, Gerhard Bachinger, Oliver Nebe, Rico Kaiser, Robert Meier, Harry Schuster, Gerhard Westenthanner, Dieter Vogel, Werner Weidmann, Klaus Jarosch, Kalle Straubinger und Anette Vietense.<\/p>\n<p>\u201eMein Dank gilt auch den gesamten Vorstands- und Ausschussmitgliedern, namentlich Hartmut Weiser, G\u00fcnter Vogel, Markus Lenz, Elena Zwingel, Petra Vogel, Tanja Gerner, Sibylle Meyer, Miriam Adel, J\u00fcrgen Klieber, Luggi Krug, Bernd Schr\u00f6del, Walter Petermann und Ehrenvorstand Georg Vogel f\u00fcr die Ideen-Reifung, die Planung und die notwendigen Beschl\u00fcsse sowie dem Wirtschaftsteam und allen Helfern des heutigen Abends!\u201c, betonte der 1. Vorsitzende und er\u00f6ffnete das gro\u00dfe Buffet, das von vielen Vereinsmitgliedern gespendet wurde.<\/p>\n<p>Weitere Gratulanten waren die langj\u00e4hrigen Sponsoren der Familien Werner sowie Reiner Schwab von der B\u00e4ckerei Schwab, Susi Heemskerk von Florale Trends, Fred Rauch von Friseur Rauch sowie die Ehrenmitglieder Erich Schuster, Winni und Mathilde Krug, Karl Meier, G\u00fcnter Meier und Wilhelm Meyer.<\/p>\n","protected":false},"excerpt":{"rendered":"<p>Kirchlicher Segen \u2013 1000 ehrenamtliche Arbeitsstunden<\/p>\n","protected":false},"author":4,"featured_media":1370,"comment_status":"closed","ping_status":"closed","sticky":false,"template":"","format":"standard","meta":{"footnotes":""},"categories":[1],"tags":[],"_links":{"self":[{"href":"https:\/\/www.svpfaffenhofen.de\/index.php?rest_route=\/wp\/v2\/posts\/1363"}],"collection":[{"href":"https:\/\/www.svpfaffenhofen.de\/index.php?rest_route=\/wp\/v2\/posts"}],"about":[{"href":"https:\/\/www.svpfaffenhofen.de\/index.php?rest_route=\/wp\/v2\/types\/post"}],"author":[{"embeddable":true,"href":"https:\/\/www.svpfaffenhofen.de\/index.php?rest_route=\/wp\/v2\/users\/4"}],"replies":[{"embeddable":true,"href":"https:\/\/www.svpfaffenhofen.de\/index.php?rest_route=%2Fwp%2Fv2%2Fcomments&post=1363"}],"version-history":[{"count":8,"href":"https:\/\/www.svpfaffenhofen.de\/index.php?rest_route=\/wp\/v2\/posts\/1363\/revisions"}],"predecessor-version":[{"id":1380,"href":"https:\/\/www.svpfaffenhofen.de\/index.php?rest_route=\/wp\/v2\/posts\/1363\/revisions\/1380"}],"wp:featuredmedia":[{"embeddable":true,"href":"https:\/\/www.svpfaffenhofen.de\/index.php?rest_route=\/wp\/v2\/media\/1370"}],"wp:attachment":[{"href":"https:\/\/www.svpfaffenhofen.de\/index.php?rest_route=%2Fwp%2Fv2%2Fmedia&parent=1363"}],"wp:term":[{"taxonomy":"category","embeddable":true,"href":"https:\/\/www.svpfaffenhofen.de\/index.php?rest_route=%2Fwp%2Fv2%2Fcategories&post=1363"},{"taxonomy":"post_tag","embeddable":true,"href":"https:\/\/www.svpfaffenhofen.de\/index.php?rest_route=%2Fwp%2Fv2%2Ftags&post=1363"}],"curies":[{"name":"wp","href":"https:\/\/api.w.org\/{rel}","templated":true}]}}