{"id":1371,"date":"2017-09-12T10:11:03","date_gmt":"2017-09-12T08:11:03","guid":{"rendered":"http:\/\/svpfaffenhofen.de\/?p=1371"},"modified":"2017-09-12T10:15:17","modified_gmt":"2017-09-12T08:15:17","slug":"neuer-yoga-kurs-ab-september","status":"publish","type":"post","link":"https:\/\/www.svpfaffenhofen.de\/?p=1371","title":{"rendered":"Neuer Yoga-Kurs ab September"},"content":{"rendered":"<p><span style=\"font-family: Calibri;\"><span style=\"font-size: medium;\">Kursthema: <strong>\u201eBeweglichkeit und Stabilit\u00e4t in den Gelenken\u201c<\/strong><\/span><\/span><!--more--><\/p>\n<p><span style=\"font-family: Calibri;\"><span style=\"font-size: medium;\">Unsere Ziel ist es, unsere Gelenke durch gezielte Dehn\u00fcbungen zu mobilisieren und durch Aufbau der sie umgebenden Muskulatur zu stabilisieren. Gerade durch unser allt\u00e4gliches Verhalten sind viele Gelenke unter- oder \u00fcberbeansprucht. Ganz im Sinne von Yoga wollen wir hier versuchen, durch klassische Asanas und Karanas des Hatha-Yogas ein Gleichgewicht in unseren Gelenken und in unserem ganzen K\u00f6rper wieder herzustellen, das sich auch auf unser inneres Gleichgewicht auswirkt, uns entspannt und uns im Hier und Jetzt ankommen l\u00e4sst.<\/span><\/span><\/p>\n<p><span style=\"font-family: Calibri;\"><span style=\"font-size: medium;\">\u00a0<\/span><\/span><\/p>\n<p><span style=\"font-family: Calibri;\"><span style=\"font-size: medium;\"><strong>Termine:<\/strong> Dienstag <\/span><\/span><span style=\"font-family: Calibri;\"><span style=\"font-size: medium;\">jeweils 20 bis 21:30 Uhr,<\/span><\/span><\/p>\n<p><span style=\"font-family: Calibri;\"><span style=\"font-size: medium;\">19.9., 26.9., 10.10., 17.10, 24.10., 7.11., 14.11., 21.11., 28.11., 5.12.<br \/>\n<\/span><\/span><\/p>\n<p><b>Ort<\/b><\/p>\n<p>vereinseigene Sporthalle Pfaffenhofen, Tillystr. 52, 91154 Roth\/Pfaffenhofen<\/p>\n<p><b>Teilnehmerkreis<\/b><\/p>\n<p>Der Kurs ist f\u00fcr Anf\u00e4nger und Fortgeschrittene jeglichen Alters geeignet. In dem Kurs ist es jedem, auch \u00e4lteren Menschen m\u00f6glich, angepasst an das k\u00f6rperliche Befinden, Yoga zu \u00fcben.<\/p>\n<p><b>Yoga-Lehrer<\/b><\/p>\n<p>Thomas Lausenmeyer \u2013 Yoga-Lehrer YZN<\/p>\n<p><b>Kursbeitrag<\/b><\/p>\n<p>Der Kursbeitrag betr\u00e4gt insgesamt\u00a0EUR 70,00 f\u00fcr Vereinsmitglieder und\u00a0EUR 120,00 f\u00fcr Nichtmitglieder<\/p>\n<p><b>Hinweise<\/b><\/p>\n<p>Die Teilnehmerzahl dieses Kurses ist auf 15 Personen begrenzt. So ist individuelles \u00dcben gut m\u00f6glich.<\/p>\n<p>Ihre Anmeldung ist verbindlich. Ein Anspruch auf Kursteilnahme entsteht erst mit Erhalt der Anmeldebest\u00e4tigung und Erreichen der Mindestteilnehmerzahl von 11 Teilnehmern.<\/p>\n<p>Der Kursbeitrag ist innerhalb einer Woche nach Kursbeginn auf das Konto des Sportvereins zu \u00fcberweisen oder am Tag der ersten Kurseinheit in bar zu zahlen. Die Kontodaten erhalten Sie am ersten Kurstag.<\/p>\n<p><b>Sollten Sie an gesundheitlichen Beeintr\u00e4chtigungen egal welcher Art leiden, dann kl\u00e4ren Sie bitte vorab mit Ihrem zust\u00e4ndigen Arzt, ob eine Kursteilnahme f\u00fcr Sie m\u00f6glich und sinnvoll ist.<\/b><\/p>\n<p><b>Bitte die Anmeldung entweder per E-Mail an <\/b><a href=\"mailto:thomas.lausenmeyer@gmx.de\"><b>thomas.lausenmeyer@gmx.de<\/b><\/a><b> oder per Post an Thomas Lausenmeyer, Weidenweg 32, 91154 Roth senden.<\/b><\/p>\n<p>&nbsp;<\/p>\n","protected":false},"excerpt":{"rendered":"<p>Kursthema: \u201eBeweglichkeit und Stabilit\u00e4t in den Gelenken\u201c<\/p>\n","protected":false},"author":4,"featured_media":719,"comment_status":"closed","ping_status":"closed","sticky":false,"template":"","format":"standard","meta":{"footnotes":""},"categories":[1],"tags":[],"_links":{"self":[{"href":"https:\/\/www.svpfaffenhofen.de\/index.php?rest_route=\/wp\/v2\/posts\/1371"}],"collection":[{"href":"https:\/\/www.svpfaffenhofen.de\/index.php?rest_route=\/wp\/v2\/posts"}],"about":[{"href":"https:\/\/www.svpfaffenhofen.de\/index.php?rest_route=\/wp\/v2\/types\/post"}],"author":[{"embeddable":true,"href":"https:\/\/www.svpfaffenhofen.de\/index.php?rest_route=\/wp\/v2\/users\/4"}],"replies":[{"embeddable":true,"href":"https:\/\/www.svpfaffenhofen.de\/index.php?rest_route=%2Fwp%2Fv2%2Fcomments&post=1371"}],"version-history":[{"count":2,"href":"https:\/\/www.svpfaffenhofen.de\/index.php?rest_route=\/wp\/v2\/posts\/1371\/revisions"}],"predecessor-version":[{"id":1374,"href":"https:\/\/www.svpfaffenhofen.de\/index.php?rest_route=\/wp\/v2\/posts\/1371\/revisions\/1374"}],"wp:featuredmedia":[{"embeddable":true,"href":"https:\/\/www.svpfaffenhofen.de\/index.php?rest_route=\/wp\/v2\/media\/719"}],"wp:attachment":[{"href":"https:\/\/www.svpfaffenhofen.de\/index.php?rest_route=%2Fwp%2Fv2%2Fmedia&parent=1371"}],"wp:term":[{"taxonomy":"category","embeddable":true,"href":"https:\/\/www.svpfaffenhofen.de\/index.php?rest_route=%2Fwp%2Fv2%2Fcategories&post=1371"},{"taxonomy":"post_tag","embeddable":true,"href":"https:\/\/www.svpfaffenhofen.de\/index.php?rest_route=%2Fwp%2Fv2%2Ftags&post=1371"}],"curies":[{"name":"wp","href":"https:\/\/api.w.org\/{rel}","templated":true}]}}