{"id":1382,"date":"2017-09-12T13:15:50","date_gmt":"2017-09-12T11:15:50","guid":{"rendered":"http:\/\/svpfaffenhofen.de\/?p=1382"},"modified":"2017-09-12T13:18:27","modified_gmt":"2017-09-12T11:18:27","slug":"neuer-body-balance-kurs-ab-september","status":"publish","type":"post","link":"https:\/\/www.svpfaffenhofen.de\/?p=1382","title":{"rendered":"Neuer Body-Balance-Kurs ab September"},"content":{"rendered":"<p><strong>Sanftes Ganzk\u00f6rpertraining auf dem Stuhl<\/strong><\/p>\n<p>Ein Bewegungsangebot f\u00fcr Erwachsene, die gerne etwas f\u00fcr ihre Gesundheit und ihr Wohlbefinden tun m\u00f6chten, jedoch momentan nicht mehr an der klassischen Bodengymnastik teilnehmen k\u00f6nnen oder wollen.<\/p>\n<p>Funktionelle \u00dcbungen mit Elementen aus Yoga, Faszien-Fitness und Feldenkrais st\u00e4rken die Muskulatur, mobilisieren die Gelenke und stabilisieren den K\u00f6rper. Die Aufrichtung und Beweglichkeit der Wirbels\u00e4ule wird gef\u00f6rdert, Gleichgewichts- und Koordinationsf\u00e4higkeit trainiert. Die Schulung der K\u00f6rperwahrnehmung und verschiedene Entspannungsmethoden runden das Training ab. Dabei sind die einzelnen Bewegungssequenzen so konzipiert, dass sie jederzeit im Alltag und Beruf integriert werden k\u00f6nnen.<\/p>\n<p>Eine Anmeldung ist erforderlich, da die Teilnehmeranzahl begrenzt ist.<\/p>\n<p><em>Dauer des Kurses: 10 Stunden \u00e0 60 Minuten<\/em><br \/>\n<em> Kursgeb\u00fchr: Mitglieder SV Pfaffenhofen 20 \u20ac, Nichtmitglieder 50 \u20ac<\/em><br \/>\n<em> \u00dcbungszeit: Mittwoch,\u00a019 &#8211; 20 Uhr<\/em><br \/>\n<em>Ort: Mehrzweckhalle Pfaffenhofen<\/em><br \/>\n<em>\u00dcbungsleiterin: Gabriele Pfaff<\/em><br \/>\n<em> 09171 \u2013 89 94 15<\/em><br \/>\n<em> <a href=\"mailto:gabriele-pfaff@t-online.de\">gabriele-pfaff@t-online.de<\/a><\/em><\/p>\n<p><strong>+++ Aktueller Kurs: Beginn 20. September 2017 +++<br \/>\n<\/strong><\/p>\n","protected":false},"excerpt":{"rendered":"<p>Sanftes Ganzk\u00f6rpertraining auf dem Stuhl Ein Bewegungsangebot f\u00fcr Erwachsene, die gerne etwas f\u00fcr ihre Gesundheit und ihr Wohlbefinden tun m\u00f6chten, jedoch momentan nicht mehr an der klassischen Bodengymnastik teilnehmen k\u00f6nnen oder wollen. Funktionelle \u00dcbungen mit Elementen aus Yoga, Faszien-Fitness und&hellip; <\/p>\n","protected":false},"author":4,"featured_media":0,"comment_status":"closed","ping_status":"closed","sticky":false,"template":"","format":"standard","meta":{"footnotes":""},"categories":[1],"tags":[],"_links":{"self":[{"href":"https:\/\/www.svpfaffenhofen.de\/index.php?rest_route=\/wp\/v2\/posts\/1382"}],"collection":[{"href":"https:\/\/www.svpfaffenhofen.de\/index.php?rest_route=\/wp\/v2\/posts"}],"about":[{"href":"https:\/\/www.svpfaffenhofen.de\/index.php?rest_route=\/wp\/v2\/types\/post"}],"author":[{"embeddable":true,"href":"https:\/\/www.svpfaffenhofen.de\/index.php?rest_route=\/wp\/v2\/users\/4"}],"replies":[{"embeddable":true,"href":"https:\/\/www.svpfaffenhofen.de\/index.php?rest_route=%2Fwp%2Fv2%2Fcomments&post=1382"}],"version-history":[{"count":2,"href":"https:\/\/www.svpfaffenhofen.de\/index.php?rest_route=\/wp\/v2\/posts\/1382\/revisions"}],"predecessor-version":[{"id":1384,"href":"https:\/\/www.svpfaffenhofen.de\/index.php?rest_route=\/wp\/v2\/posts\/1382\/revisions\/1384"}],"wp:attachment":[{"href":"https:\/\/www.svpfaffenhofen.de\/index.php?rest_route=%2Fwp%2Fv2%2Fmedia&parent=1382"}],"wp:term":[{"taxonomy":"category","embeddable":true,"href":"https:\/\/www.svpfaffenhofen.de\/index.php?rest_route=%2Fwp%2Fv2%2Fcategories&post=1382"},{"taxonomy":"post_tag","embeddable":true,"href":"https:\/\/www.svpfaffenhofen.de\/index.php?rest_route=%2Fwp%2Fv2%2Ftags&post=1382"}],"curies":[{"name":"wp","href":"https:\/\/api.w.org\/{rel}","templated":true}]}}