{"id":1386,"date":"2017-09-14T09:14:09","date_gmt":"2017-09-14T07:14:09","guid":{"rendered":"http:\/\/svpfaffenhofen.de\/?p=1386"},"modified":"2018-09-10T08:55:07","modified_gmt":"2018-09-10T06:55:07","slug":"neue-trikots-fuer-u17-maedels","status":"publish","type":"post","link":"https:\/\/www.svpfaffenhofen.de\/?p=1386","title":{"rendered":"M\u00e4dchenfu\u00dfball: Neues Dress f\u00fcr U17"},"content":{"rendered":"<p><!--more-->Die M\u00e4dchenfu\u00dfballmannschaft des SV Pfaffenhofen e.V. freut sich \u00fcber einen neuen Satz orange-blauer Trikots. Gesponsert wurde das neue Dress vom Rother Reiseb\u00fcro\u00a0<strong>Wild Reisen. Inhaberin Daniela Wild (links)\u00a0<\/strong>\u00fcbergab die Adidas-Leibchen zur neuen Saison 2017\/2018.. Der Verein und die Mannschaft samt Coach Sebastian Chill und Betreuerin Tina Schr\u00f6del bedanken sich herzlich f\u00fcr die Unterst\u00fctzung hoffen auf viele Siege f\u00fcr die Vereinsfarben. Fu\u00dfballinteressierte M\u00e4dels sind beim SV Pfaffenhofen auch weiterhin jederzeit willkommen und zu einem Schnuppertraining eingeladen.<\/p>\n<p><a href=\"http:\/\/svpfaffenhofen.de\/wp-content\/uploads\/2017\/09\/unnamed.jpg\"><img loading=\"lazy\" decoding=\"async\" class=\"alignnone wp-image-1387 size-large\" src=\"http:\/\/svpfaffenhofen.de\/wp-content\/uploads\/2017\/09\/unnamed-e1505374988349-1024x571.jpg\" alt=\"\" width=\"700\" height=\"390\" srcset=\"https:\/\/www.svpfaffenhofen.de\/wp-content\/uploads\/2017\/09\/unnamed-e1505374988349-1024x571.jpg 1024w, https:\/\/www.svpfaffenhofen.de\/wp-content\/uploads\/2017\/09\/unnamed-e1505374988349-300x167.jpg 300w, https:\/\/www.svpfaffenhofen.de\/wp-content\/uploads\/2017\/09\/unnamed-e1505374988349-768x428.jpg 768w\" sizes=\"(max-width: 700px) 100vw, 700px\" \/><\/a><\/p>\n","protected":false},"excerpt":{"rendered":"","protected":false},"author":4,"featured_media":1387,"comment_status":"closed","ping_status":"closed","sticky":false,"template":"","format":"standard","meta":{"footnotes":""},"categories":[1,10],"tags":[],"_links":{"self":[{"href":"https:\/\/www.svpfaffenhofen.de\/index.php?rest_route=\/wp\/v2\/posts\/1386"}],"collection":[{"href":"https:\/\/www.svpfaffenhofen.de\/index.php?rest_route=\/wp\/v2\/posts"}],"about":[{"href":"https:\/\/www.svpfaffenhofen.de\/index.php?rest_route=\/wp\/v2\/types\/post"}],"author":[{"embeddable":true,"href":"https:\/\/www.svpfaffenhofen.de\/index.php?rest_route=\/wp\/v2\/users\/4"}],"replies":[{"embeddable":true,"href":"https:\/\/www.svpfaffenhofen.de\/index.php?rest_route=%2Fwp%2Fv2%2Fcomments&post=1386"}],"version-history":[{"count":5,"href":"https:\/\/www.svpfaffenhofen.de\/index.php?rest_route=\/wp\/v2\/posts\/1386\/revisions"}],"predecessor-version":[{"id":1394,"href":"https:\/\/www.svpfaffenhofen.de\/index.php?rest_route=\/wp\/v2\/posts\/1386\/revisions\/1394"}],"wp:featuredmedia":[{"embeddable":true,"href":"https:\/\/www.svpfaffenhofen.de\/index.php?rest_route=\/wp\/v2\/media\/1387"}],"wp:attachment":[{"href":"https:\/\/www.svpfaffenhofen.de\/index.php?rest_route=%2Fwp%2Fv2%2Fmedia&parent=1386"}],"wp:term":[{"taxonomy":"category","embeddable":true,"href":"https:\/\/www.svpfaffenhofen.de\/index.php?rest_route=%2Fwp%2Fv2%2Fcategories&post=1386"},{"taxonomy":"post_tag","embeddable":true,"href":"https:\/\/www.svpfaffenhofen.de\/index.php?rest_route=%2Fwp%2Fv2%2Ftags&post=1386"}],"curies":[{"name":"wp","href":"https:\/\/api.w.org\/{rel}","templated":true}]}}