{"id":1403,"date":"2017-09-14T11:48:28","date_gmt":"2017-09-14T09:48:28","guid":{"rendered":"http:\/\/svpfaffenhofen.de\/?p=1403"},"modified":"2017-09-14T11:58:58","modified_gmt":"2017-09-14T09:58:58","slug":"ehre-wem-ehre-gebuehrt","status":"publish","type":"post","link":"https:\/\/www.svpfaffenhofen.de\/?p=1403","title":{"rendered":"Vorstand ehrt verdiente Mitglieder"},"content":{"rendered":"<p><strong>Ehre, wem Ehre geb\u00fchrt &#8211; Gute Seele des Vereins<\/strong><\/p>\n<p><!--more--><br \/>\nVor kurzem lud die Vorstandschaft des SV Pfaffenhofen seine langj\u00e4hrigen Mitglieder in die festlich geschm\u00fcckte Vereinshalle an der Tillystra\u00dfe ein.<\/p>\n<p>Pfaffenhofens 1. Vorsitzender Heiner Zwingel begr\u00fc\u00dfte die G\u00e4ste stellvertretend f\u00fcr den gesamten Vorstand und bedankte sich bei allen Sponsoren, insbesondere beim ortsans\u00e4ssigen Hofladen der Familie Burmann und dem Gasthaus Zur Linde, Pruppach, f\u00fcr die Verk\u00f6stigung, bei Florale Trends Hemskeerk f\u00fcr den Blumenschmuck und nat\u00fcrlich bei seinen Mitgliedern, die weitere Leckereien beisteuerten.<\/p>\n<p>Nachdem f\u00fcr das leibliche Wohl gesorgt war, baten beide Vorsitzende Heiner Zwingel und Miriam Adel die zu Ehrenden einzeln zu sich. Mit Urkunde und der Anstecknadel des Vereins sprachen sie ihren Dank an die langj\u00e4hrigen Mitglieder aus. Zudem unterhielt Zwingel das Publikum mit kurzweiligen Anekdoten \u00fcber die Jubilare und das Vereinsleben.<br \/>\nIm Einzelnen konnten ausgezeichnet werden f\u00fcr<\/p>\n<p><strong>25 Jahre Mitgliedschaft:<\/strong><br \/>\nH\u00b4Lawatschek Angelo, Schmidt Norbert, Krug Laura, Matulla Nadine, Spindler Florian, Haubner Claus, Heinisch J\u00fcrgen, Burmann Carola, Burmann Dominik, Engelhardt Mona, Engelhardt Rene<br \/>\n<strong>40 Jahre:<\/strong><br \/>\nVogel Petra, Stadelmann Hilde, Tapprich Werner, Vietense Anette, Trautnitz Andreas, K\u00f6pplinger Inge, Brenner Friedrich, Reinel Gabriele, Biller Klaus, Kr\u00fcger Anette<br \/>\n<strong>50 Jahre:<\/strong><br \/>\nK\u00f6nigsd\u00f6fer Hans<br \/>\n<strong>60 Jahre:<\/strong><br \/>\nHutzler Erich<br \/>\n<strong>Gute Seele des Vereins<\/strong><br \/>\nDer Bayerische Landessportverband k\u00fcrt jedes Jahr drei \u201eGute Seelen des Vereins\u201c und honoriert dadurch die stillen aber unerm\u00fcdlichen Helfer im Hintergrund der Vereine. Diese werden zuvor von den Mitgliedsvereinen nominiert und schlie\u00dflich bei einer Festveranstaltung ausgelost.<\/p>\n<p>Bereits zum zweiten Mal in der Vereinsgeschichte wurde in Pfaffenhofen eine \u201eGute Seele des Vereins\u201c im Rahmen des Vereinsehrenabends ausgezeichnet. Diese besondere Ehrung wurde nun dem langj\u00e4hrigen und treu verbundenen <strong>Gr\u00fcndungsmitglied und Ehrenvorstand Georg Vogel, sowie seiner Frau Julie Vogel zu<\/strong> Teil. Julie Vogel ist Gr\u00fcndungsmitglied der Gymnastikgruppe und unerm\u00fcdliche Helferin im Hintergrund.<\/p>\n<p>Heiner Zwingel konnte so einiges \u00fcber die beiden erz\u00e4hlen, denn ihr Wirkungs- und Schaffenskreis im Verein war immens. Ohne diese beiden w\u00e4re der Verein nicht da, wo er nun erfolgreich weiter gef\u00fchrt werden kann.<\/p>\n<p>Ger\u00fchrt bedankten sich beide f\u00fcr diese \u00fcberraschende Ehrung und nahmen Ihre Pr\u00e4sente vom Verein entgegen. Die Festgesellschaft spendete minutenlang Standing Ovation.<br \/>\nIn diesem Zuge lie\u00df es sich auch Georg Vogel nicht nehmen, einige lustige Anekdoten Revue passieren zu lassen.<\/p>\n<p><a href=\"http:\/\/svpfaffenhofen.de\/wp-content\/uploads\/2017\/09\/Ehrenabend-300617-IMG_8011-2.jpg\"><img loading=\"lazy\" decoding=\"async\" class=\"alignnone wp-image-1404 size-large\" src=\"http:\/\/svpfaffenhofen.de\/wp-content\/uploads\/2017\/09\/Ehrenabend-300617-IMG_8011-2-e1505383132731-1024x620.jpg\" alt=\"\" width=\"700\" height=\"424\" srcset=\"https:\/\/www.svpfaffenhofen.de\/wp-content\/uploads\/2017\/09\/Ehrenabend-300617-IMG_8011-2-e1505383132731-1024x620.jpg 1024w, https:\/\/www.svpfaffenhofen.de\/wp-content\/uploads\/2017\/09\/Ehrenabend-300617-IMG_8011-2-e1505383132731-300x182.jpg 300w, https:\/\/www.svpfaffenhofen.de\/wp-content\/uploads\/2017\/09\/Ehrenabend-300617-IMG_8011-2-e1505383132731-768x465.jpg 768w\" sizes=\"(max-width: 700px) 100vw, 700px\" \/><\/a><br \/>\nUnser Foto zeigt die Vorsitzenden mit den anwesenden geehrten Mitgliedern und die beiden \u201eguten Seelen des Vereins\u201c vorne im Mittelpunkt.<br \/>\n<em>Bericht: Tanja Gerner<\/em><\/p>\n","protected":false},"excerpt":{"rendered":"<p>Ehre, wem Ehre geb\u00fchrt &#8211; Gute Seele des Vereins<\/p>\n","protected":false},"author":4,"featured_media":1404,"comment_status":"closed","ping_status":"closed","sticky":false,"template":"","format":"standard","meta":{"footnotes":""},"categories":[1],"tags":[],"_links":{"self":[{"href":"https:\/\/www.svpfaffenhofen.de\/index.php?rest_route=\/wp\/v2\/posts\/1403"}],"collection":[{"href":"https:\/\/www.svpfaffenhofen.de\/index.php?rest_route=\/wp\/v2\/posts"}],"about":[{"href":"https:\/\/www.svpfaffenhofen.de\/index.php?rest_route=\/wp\/v2\/types\/post"}],"author":[{"embeddable":true,"href":"https:\/\/www.svpfaffenhofen.de\/index.php?rest_route=\/wp\/v2\/users\/4"}],"replies":[{"embeddable":true,"href":"https:\/\/www.svpfaffenhofen.de\/index.php?rest_route=%2Fwp%2Fv2%2Fcomments&post=1403"}],"version-history":[{"count":7,"href":"https:\/\/www.svpfaffenhofen.de\/index.php?rest_route=\/wp\/v2\/posts\/1403\/revisions"}],"predecessor-version":[{"id":1412,"href":"https:\/\/www.svpfaffenhofen.de\/index.php?rest_route=\/wp\/v2\/posts\/1403\/revisions\/1412"}],"wp:featuredmedia":[{"embeddable":true,"href":"https:\/\/www.svpfaffenhofen.de\/index.php?rest_route=\/wp\/v2\/media\/1404"}],"wp:attachment":[{"href":"https:\/\/www.svpfaffenhofen.de\/index.php?rest_route=%2Fwp%2Fv2%2Fmedia&parent=1403"}],"wp:term":[{"taxonomy":"category","embeddable":true,"href":"https:\/\/www.svpfaffenhofen.de\/index.php?rest_route=%2Fwp%2Fv2%2Fcategories&post=1403"},{"taxonomy":"post_tag","embeddable":true,"href":"https:\/\/www.svpfaffenhofen.de\/index.php?rest_route=%2Fwp%2Fv2%2Ftags&post=1403"}],"curies":[{"name":"wp","href":"https:\/\/api.w.org\/{rel}","templated":true}]}}