{"id":1618,"date":"2018-02-21T09:07:52","date_gmt":"2018-02-21T08:07:52","guid":{"rendered":"http:\/\/svpfaffenhofen.de\/?p=1618"},"modified":"2018-09-10T08:54:19","modified_gmt":"2018-09-10T06:54:19","slug":"herren-unterstuetzung-der-firma-interhyp","status":"publish","type":"post","link":"https:\/\/www.svpfaffenhofen.de\/?p=1618","title":{"rendered":"Herren: Unterst\u00fctzung der Firma Interhyp"},"content":{"rendered":"<p><a href=\"http:\/\/svpfaffenhofen.de\/wp-content\/uploads\/2018\/02\/IMG_3486.jpg\"><img loading=\"lazy\" decoding=\"async\" class=\"alignleft size-large wp-image-1620\" src=\"http:\/\/svpfaffenhofen.de\/wp-content\/uploads\/2018\/02\/IMG_3486-1024x768.jpg\" alt=\"\" width=\"700\" height=\"525\" \/><\/a><!--more-->Die Fu\u00dfballherrenmannschaft des SV Pfaffenhofen bedankt sich herzlich bei der <strong>Fa. Interhyp AG, Baufinanzierung<\/strong> f\u00fcr die Unterst\u00fctzung \u00fcber <strong>1.000 \u20ac zur Verwendung von Trainingsequipment<\/strong>. Der Scheck in H\u00f6he wurde durch den <strong>Vertreter der Fa. Interhyp, Daniel Pangerl<\/strong> (Torwart des SV Pfaffenhofen), an die Spielleitung, Trainer und Mannschaftsvertreter \u00fcbergeben.<br \/>\nHerzlichen Dank f\u00fcr die gro\u00dfz\u00fcgige \u00dcnterst\u00fctzung!<\/p>\n","protected":false},"excerpt":{"rendered":"","protected":false},"author":4,"featured_media":1620,"comment_status":"closed","ping_status":"closed","sticky":false,"template":"","format":"standard","meta":{"footnotes":""},"categories":[1,10],"tags":[],"_links":{"self":[{"href":"https:\/\/www.svpfaffenhofen.de\/index.php?rest_route=\/wp\/v2\/posts\/1618"}],"collection":[{"href":"https:\/\/www.svpfaffenhofen.de\/index.php?rest_route=\/wp\/v2\/posts"}],"about":[{"href":"https:\/\/www.svpfaffenhofen.de\/index.php?rest_route=\/wp\/v2\/types\/post"}],"author":[{"embeddable":true,"href":"https:\/\/www.svpfaffenhofen.de\/index.php?rest_route=\/wp\/v2\/users\/4"}],"replies":[{"embeddable":true,"href":"https:\/\/www.svpfaffenhofen.de\/index.php?rest_route=%2Fwp%2Fv2%2Fcomments&post=1618"}],"version-history":[{"count":5,"href":"https:\/\/www.svpfaffenhofen.de\/index.php?rest_route=\/wp\/v2\/posts\/1618\/revisions"}],"predecessor-version":[{"id":1625,"href":"https:\/\/www.svpfaffenhofen.de\/index.php?rest_route=\/wp\/v2\/posts\/1618\/revisions\/1625"}],"wp:featuredmedia":[{"embeddable":true,"href":"https:\/\/www.svpfaffenhofen.de\/index.php?rest_route=\/wp\/v2\/media\/1620"}],"wp:attachment":[{"href":"https:\/\/www.svpfaffenhofen.de\/index.php?rest_route=%2Fwp%2Fv2%2Fmedia&parent=1618"}],"wp:term":[{"taxonomy":"category","embeddable":true,"href":"https:\/\/www.svpfaffenhofen.de\/index.php?rest_route=%2Fwp%2Fv2%2Fcategories&post=1618"},{"taxonomy":"post_tag","embeddable":true,"href":"https:\/\/www.svpfaffenhofen.de\/index.php?rest_route=%2Fwp%2Fv2%2Ftags&post=1618"}],"curies":[{"name":"wp","href":"https:\/\/api.w.org\/{rel}","templated":true}]}}