{"id":1636,"date":"2018-03-01T19:56:30","date_gmt":"2018-03-01T18:56:30","guid":{"rendered":"http:\/\/svpfaffenhofen.de\/?p=1636"},"modified":"2018-03-08T08:25:06","modified_gmt":"2018-03-08T07:25:06","slug":"u-7-wird-stadtmeister","status":"publish","type":"post","link":"https:\/\/www.svpfaffenhofen.de\/?p=1636","title":{"rendered":"Jugend: U-7 wird Stadtmeister 2018"},"content":{"rendered":"<p><a href=\"http:\/\/svpfaffenhofen.de\/?p=1636\"><img loading=\"lazy\" decoding=\"async\" class=\"alignleft wp-image-1635 size-large\" src=\"http:\/\/svpfaffenhofen.de\/wp-content\/uploads\/2018\/03\/img_0675-1-1024x768.jpg\" alt=\"\" width=\"700\" height=\"525\" srcset=\"https:\/\/www.svpfaffenhofen.de\/wp-content\/uploads\/2018\/03\/img_0675-1-1024x768.jpg 1024w, https:\/\/www.svpfaffenhofen.de\/wp-content\/uploads\/2018\/03\/img_0675-1-300x225.jpg 300w, https:\/\/www.svpfaffenhofen.de\/wp-content\/uploads\/2018\/03\/img_0675-1-768x576.jpg 768w\" sizes=\"(max-width: 700px) 100vw, 700px\" \/><\/a><!--more--><\/p>\n<p>Gratulation an unsere U-7 Junioren!<\/p>\n<p>Die Mannschaft des Trainer-Teams Christian Bezold, Thorsten M\u00f6rz und Thomas Krug hat bei der diesj\u00e4hrigen Junioren Hallen-Stadtmeisterschaft den Titel mit nach Hause nehmen k\u00f6nnen. In einem spannenden Turnier konnte sich unsere Mannschaft mit engagierten Leistungen gegen die Konkurrenz aus Roth durchsetzen. Damit war unser Team die erste Mannschaft dieser Stadtmeisterschaft, welche die Seriensieger der TSG 08 Roth vom Thron sto\u00dfen konnte.<\/p>\n","protected":false},"excerpt":{"rendered":"","protected":false},"author":1,"featured_media":1638,"comment_status":"closed","ping_status":"closed","sticky":false,"template":"","format":"standard","meta":{"footnotes":""},"categories":[3],"tags":[],"_links":{"self":[{"href":"https:\/\/www.svpfaffenhofen.de\/index.php?rest_route=\/wp\/v2\/posts\/1636"}],"collection":[{"href":"https:\/\/www.svpfaffenhofen.de\/index.php?rest_route=\/wp\/v2\/posts"}],"about":[{"href":"https:\/\/www.svpfaffenhofen.de\/index.php?rest_route=\/wp\/v2\/types\/post"}],"author":[{"embeddable":true,"href":"https:\/\/www.svpfaffenhofen.de\/index.php?rest_route=\/wp\/v2\/users\/1"}],"replies":[{"embeddable":true,"href":"https:\/\/www.svpfaffenhofen.de\/index.php?rest_route=%2Fwp%2Fv2%2Fcomments&post=1636"}],"version-history":[{"count":6,"href":"https:\/\/www.svpfaffenhofen.de\/index.php?rest_route=\/wp\/v2\/posts\/1636\/revisions"}],"predecessor-version":[{"id":1651,"href":"https:\/\/www.svpfaffenhofen.de\/index.php?rest_route=\/wp\/v2\/posts\/1636\/revisions\/1651"}],"wp:featuredmedia":[{"embeddable":true,"href":"https:\/\/www.svpfaffenhofen.de\/index.php?rest_route=\/wp\/v2\/media\/1638"}],"wp:attachment":[{"href":"https:\/\/www.svpfaffenhofen.de\/index.php?rest_route=%2Fwp%2Fv2%2Fmedia&parent=1636"}],"wp:term":[{"taxonomy":"category","embeddable":true,"href":"https:\/\/www.svpfaffenhofen.de\/index.php?rest_route=%2Fwp%2Fv2%2Fcategories&post=1636"},{"taxonomy":"post_tag","embeddable":true,"href":"https:\/\/www.svpfaffenhofen.de\/index.php?rest_route=%2Fwp%2Fv2%2Ftags&post=1636"}],"curies":[{"name":"wp","href":"https:\/\/api.w.org\/{rel}","templated":true}]}}