{"id":1781,"date":"2018-07-16T19:32:32","date_gmt":"2018-07-16T17:32:32","guid":{"rendered":"https:\/\/www.svpfaffenhofen.de\/?p=1781"},"modified":"2018-09-10T08:53:36","modified_gmt":"2018-09-10T06:53:36","slug":"u11-schlenk-uebergibt-neue-trikots","status":"publish","type":"post","link":"https:\/\/www.svpfaffenhofen.de\/?p=1781","title":{"rendered":"U11: Carl Schlenk AG \u00fcbergibt neue Trikots"},"content":{"rendered":"<p><!--more--><\/p>\n<p><strong style=\"font-family: Helvetica, sans-serif; font-size: 14px; font-style: normal;\">Neue Trainingsanz\u00fcge f\u00fcr die Fu\u00dfballjugend<\/strong><\/p>\n<p>Im Sinne der sozialen Verantwortung unterst\u00fctzt SCHLENK bewusst einzelne, lokale Initiativen und f\u00f6rdert bereits seit Jahren die F\u00f6rderung und Entwicklung der Jugend \u00fcber verschiedene Spenden und Sponsorings. Dazu geh\u00f6rt ab sofort auch die Fu\u00dfball Jugendmannschaft U11 aus Roth-Pfaffenhofen.<\/p>\n<p>Die Carl Schlenk AG sponsort neue Trainingsanz\u00fcge f\u00fcr die U11-Jugendmannschaft des SV-Pfaffenhofen.<\/p>\n<p>Die jungen Fu\u00dfballspieler freuen sich \u00fcber die neuen Trainingsanz\u00fcge, die in Verbindung mit ihrem Vereinslogo f\u00fcr ein besonderes Zugeh\u00f6rigkeitsgef\u00fchl sorgen. Der Verein ist \u00fcberzeugt, dass \u201emit den neuen Anz\u00fcgen die Mannschaft des SV Pfaffenhofen bestens f\u00fcr zuk\u00fcnftige Herausforderungen aufgestellt ist\u201c, so \u00a0Kassier Markus Lenz.<\/p>\n<p>Wichtig sei vor allem, dass \u201eJugendliche von klein auf lernen, dass Sport sie fit und gesund h\u00e4lt\u201c, eine solche Einstellung sei auch f\u00fcr Arbeitgeber wichtig, so Philip von Schlenk.<\/p>\n<p><a href=\"https:\/\/www.svpfaffenhofen.de\/wp-content\/uploads\/2018\/07\/DSC02775-2.jpg\"><img loading=\"lazy\" decoding=\"async\" class=\"alignleft wp-image-1782 size-large\" src=\"https:\/\/www.svpfaffenhofen.de\/wp-content\/uploads\/2018\/07\/DSC02775-2-1024x679.jpg\" alt=\"\" width=\"700\" height=\"464\" srcset=\"https:\/\/www.svpfaffenhofen.de\/wp-content\/uploads\/2018\/07\/DSC02775-2-1024x679.jpg 1024w, https:\/\/www.svpfaffenhofen.de\/wp-content\/uploads\/2018\/07\/DSC02775-2-300x199.jpg 300w, https:\/\/www.svpfaffenhofen.de\/wp-content\/uploads\/2018\/07\/DSC02775-2-768x510.jpg 768w\" sizes=\"(max-width: 700px) 100vw, 700px\" \/><\/a><\/p>\n<p>Auf dem Bild (v.l.): Philip von Schlenk mit Markus Lenz und der U11 samt Trainerteam des SV Pfaffenhofen, die sich herzlich bedanken!<\/p>\n","protected":false},"excerpt":{"rendered":"","protected":false},"author":4,"featured_media":1785,"comment_status":"closed","ping_status":"closed","sticky":false,"template":"","format":"standard","meta":{"footnotes":""},"categories":[1,10],"tags":[],"_links":{"self":[{"href":"https:\/\/www.svpfaffenhofen.de\/index.php?rest_route=\/wp\/v2\/posts\/1781"}],"collection":[{"href":"https:\/\/www.svpfaffenhofen.de\/index.php?rest_route=\/wp\/v2\/posts"}],"about":[{"href":"https:\/\/www.svpfaffenhofen.de\/index.php?rest_route=\/wp\/v2\/types\/post"}],"author":[{"embeddable":true,"href":"https:\/\/www.svpfaffenhofen.de\/index.php?rest_route=\/wp\/v2\/users\/4"}],"replies":[{"embeddable":true,"href":"https:\/\/www.svpfaffenhofen.de\/index.php?rest_route=%2Fwp%2Fv2%2Fcomments&post=1781"}],"version-history":[{"count":4,"href":"https:\/\/www.svpfaffenhofen.de\/index.php?rest_route=\/wp\/v2\/posts\/1781\/revisions"}],"predecessor-version":[{"id":1788,"href":"https:\/\/www.svpfaffenhofen.de\/index.php?rest_route=\/wp\/v2\/posts\/1781\/revisions\/1788"}],"wp:featuredmedia":[{"embeddable":true,"href":"https:\/\/www.svpfaffenhofen.de\/index.php?rest_route=\/wp\/v2\/media\/1785"}],"wp:attachment":[{"href":"https:\/\/www.svpfaffenhofen.de\/index.php?rest_route=%2Fwp%2Fv2%2Fmedia&parent=1781"}],"wp:term":[{"taxonomy":"category","embeddable":true,"href":"https:\/\/www.svpfaffenhofen.de\/index.php?rest_route=%2Fwp%2Fv2%2Fcategories&post=1781"},{"taxonomy":"post_tag","embeddable":true,"href":"https:\/\/www.svpfaffenhofen.de\/index.php?rest_route=%2Fwp%2Fv2%2Ftags&post=1781"}],"curies":[{"name":"wp","href":"https:\/\/api.w.org\/{rel}","templated":true}]}}