{"id":3040,"date":"2025-12-29T10:38:56","date_gmt":"2025-12-29T09:38:56","guid":{"rendered":"https:\/\/www.svpfaffenhofen.de\/?p=3040"},"modified":"2025-12-29T10:38:57","modified_gmt":"2025-12-29T09:38:57","slug":"mitgliederversammlung-2025","status":"publish","type":"post","link":"https:\/\/www.svpfaffenhofen.de\/?p=3040","title":{"rendered":"Mitgliederversammlung 2026"},"content":{"rendered":"\n<p>Der SV Pfaffenhofen 1949 e.V. l\u00e4dt alle Mitglieder zur diesj\u00e4hrigen Mitgliederversammlung ein. <br>Gemeinsam blicken wir auf das Jahr 2025 zur\u00fcck. <\/p>\n\n\n\n<p>Am Freitag, 16.01.2026 um 19:00 Uhr im Sportheim in der Tillystra\u00dfe 52. <\/p>\n\n\n\n<p>Die Vorstandschaft freut sich auf eine rege Teilnahme!<\/p>\n\n\n\n<p><\/p>\n\n\n\n<figure class=\"wp-block-image size-large\"><img loading=\"lazy\" decoding=\"async\" width=\"1024\" height=\"890\" src=\"https:\/\/www.svpfaffenhofen.de\/wp-content\/uploads\/2025\/12\/MGV-2026_Anzeige-RHV-1-1024x890.jpg\" alt=\"\" class=\"wp-image-3128\" srcset=\"https:\/\/www.svpfaffenhofen.de\/wp-content\/uploads\/2025\/12\/MGV-2026_Anzeige-RHV-1-1024x890.jpg 1024w, https:\/\/www.svpfaffenhofen.de\/wp-content\/uploads\/2025\/12\/MGV-2026_Anzeige-RHV-1-300x261.jpg 300w, https:\/\/www.svpfaffenhofen.de\/wp-content\/uploads\/2025\/12\/MGV-2026_Anzeige-RHV-1-768x668.jpg 768w, https:\/\/www.svpfaffenhofen.de\/wp-content\/uploads\/2025\/12\/MGV-2026_Anzeige-RHV-1.jpg 1088w\" sizes=\"(max-width: 1024px) 100vw, 1024px\" \/><\/figure>\n","protected":false},"excerpt":{"rendered":"<p>Der SV Pfaffenhofen 1949 e.V. l\u00e4dt alle Mitglieder zur diesj\u00e4hrigen Mitgliederversammlung ein. Gemeinsam blicken wir auf das Jahr 2025 zur\u00fcck. Am Freitag, 16.01.2026 um 19:00 Uhr im Sportheim in der Tillystra\u00dfe 52. Die Vorstandschaft freut sich auf eine rege Teilnahme!<\/p>\n","protected":false},"author":4,"featured_media":0,"comment_status":"closed","ping_status":"closed","sticky":false,"template":"","format":"standard","meta":{"footnotes":""},"categories":[1],"tags":[],"_links":{"self":[{"href":"https:\/\/www.svpfaffenhofen.de\/index.php?rest_route=\/wp\/v2\/posts\/3040"}],"collection":[{"href":"https:\/\/www.svpfaffenhofen.de\/index.php?rest_route=\/wp\/v2\/posts"}],"about":[{"href":"https:\/\/www.svpfaffenhofen.de\/index.php?rest_route=\/wp\/v2\/types\/post"}],"author":[{"embeddable":true,"href":"https:\/\/www.svpfaffenhofen.de\/index.php?rest_route=\/wp\/v2\/users\/4"}],"replies":[{"embeddable":true,"href":"https:\/\/www.svpfaffenhofen.de\/index.php?rest_route=%2Fwp%2Fv2%2Fcomments&post=3040"}],"version-history":[{"count":3,"href":"https:\/\/www.svpfaffenhofen.de\/index.php?rest_route=\/wp\/v2\/posts\/3040\/revisions"}],"predecessor-version":[{"id":3129,"href":"https:\/\/www.svpfaffenhofen.de\/index.php?rest_route=\/wp\/v2\/posts\/3040\/revisions\/3129"}],"wp:attachment":[{"href":"https:\/\/www.svpfaffenhofen.de\/index.php?rest_route=%2Fwp%2Fv2%2Fmedia&parent=3040"}],"wp:term":[{"taxonomy":"category","embeddable":true,"href":"https:\/\/www.svpfaffenhofen.de\/index.php?rest_route=%2Fwp%2Fv2%2Fcategories&post=3040"},{"taxonomy":"post_tag","embeddable":true,"href":"https:\/\/www.svpfaffenhofen.de\/index.php?rest_route=%2Fwp%2Fv2%2Ftags&post=3040"}],"curies":[{"name":"wp","href":"https:\/\/api.w.org\/{rel}","templated":true}]}}